{"id":6393,"date":"2024-08-26T08:36:40","date_gmt":"2024-08-26T06:36:40","guid":{"rendered":"https:\/\/chloedelaume.net\/?p=6393"},"modified":"2024-08-26T08:36:40","modified_gmt":"2024-08-26T06:36:40","slug":"en-septembre","status":"publish","type":"post","link":"https:\/\/chloedelaume.net\/?p=6393","title":{"rendered":"En septembre"},"content":{"rendered":"<p><img loading=\"lazy\" decoding=\"async\" class=\"size-medium wp-image-6394 alignleft\" src=\"https:\/\/chloedelaume.net\/wp-content\/uploads\/2024\/08\/pauvre-folle-182x300.jpg\" alt=\"\" width=\"182\" height=\"300\" srcset=\"https:\/\/chloedelaume.net\/wp-content\/uploads\/2024\/08\/pauvre-folle-182x300.jpg 182w, https:\/\/chloedelaume.net\/wp-content\/uploads\/2024\/08\/pauvre-folle.jpg 400w\" sizes=\"auto, (max-width: 182px) 100vw, 182px\" \/>Sortie de <a href=\"https:\/\/chloedelaume.net\/?page_id=6140\" target=\"_blank\" rel=\"noopener\"><em>Pauvre folle<\/em><\/a> en poche, aux \u00e9ditions Points.<\/p>\n<p><strong>Mardi 3 septembre \u00e0 19h30 :<\/strong> Rencontre autour de l&rsquo;ouvrage collectif <em>Ulysse \u00e0 Paris<\/em> (Fiction &amp; Cie, Le Seuil) \u00e0 la librairie la Friche. Avec Bernard Comment, Christophe Fiat, Laure Gauthier, Nicolas Idier, Marie de Quatrebarbes, Nicolas Richard, Thiphaine Samoyault, Charlotte Rolland et Anthony Audebert.<\/p>\n<p>Le texte de Chlo\u00e9 Delaume met en sc\u00e8ne Circ\u00e9 sur l&rsquo;\u00cele Saint Denis, o\u00f9 elle tient d\u00e9sormais un foodtruck.<\/p>\n<p>&#8211; La Friche, 36 rue L\u00e9on Frot, Paris 11e.-<\/p>\n<p>&nbsp;<\/p>\n<p><strong><img loading=\"lazy\" decoding=\"async\" class=\"size-full wp-image-6395 alignleft\" src=\"https:\/\/chloedelaume.net\/wp-content\/uploads\/2024\/08\/telechargement.jpg\" alt=\"\" width=\"185\" height=\"272\" \/>Vendredi 6 septembre de 19h \u00e0 21h : <\/strong>\u00a0Carte blanche \u00e0 la librairie <span class=\"html-span xdj266r x11i5rnm xat24cr x1mh8g0r xexx8yu x4uap5 x18d9i69 xkhd6sd x1hl2dhg x16tdsg8 x1vvkbs\"><span class=\"xt0psk2\">La R\u00e9guli\u00e8re, avec des auteurices de la<\/span><\/span> rentr\u00e9e. On entendra <span class=\"html-span xdj266r x11i5rnm xat24cr x1mh8g0r xexx8yu x4uap5 x18d9i69 xkhd6sd x1hl2dhg x16tdsg8 x1vvkbs\"><span class=\"xt0psk2\">Laure Gauthier<\/span><\/span> (<em>M\u00e9lusine Reloaded<\/em>, Corti), <span class=\"html-span xdj266r x11i5rnm xat24cr x1mh8g0r xexx8yu x4uap5 x18d9i69 xkhd6sd x1hl2dhg x16tdsg8 x1vvkbs\"><span class=\"xt0psk2\">Cl\u00e9ment Ribes<\/span><\/span> (<em>Mille images de J\u00e9r\u00e9mie<\/em>, Verticales), Alix Lerasle (<em>Du verre entre les doigts<\/em>, Castor Astral), <span class=\"html-span xdj266r x11i5rnm xat24cr x1mh8g0r xexx8yu x4uap5 x18d9i69 xkhd6sd x1hl2dhg x16tdsg8 x1vvkbs\"><span class=\"xt0psk2\">Anouk Schavelzon<\/span><\/span> (<em>Le bleu n\u2019ab\u00eeme pas<\/em>, Fiction &amp; Cie, Le Seuil), S\u00e9bastien Dulude (<em>Amiante<\/em>, La peuplade) et Gabriel Gauthier (<em>Space<\/em>, Corti). Il y aura aussi des surprises po\u00e9tiques.<\/p>\n<p>&#8211; La R\u00e9guli\u00e8re est au 43 rue Myrha, Paris 18e.-<\/p>\n<p>&nbsp;<\/p>\n<p>&nbsp;<\/p>\n<p>&nbsp;<\/p>\n","protected":false},"excerpt":{"rendered":"<p>Sortie de Pauvre folle en poche, aux \u00e9ditions Points. Mardi 3 septembre \u00e0 19h30 : Rencontre autour de l&rsquo;ouvrage collectif Ulysse \u00e0 Paris (Fiction &amp; Cie, Le Seuil) \u00e0 la librairie la Friche. Avec Bernard Comment, Christophe Fiat, Laure Gauthier, &hellip; <a href=\"https:\/\/chloedelaume.net\/?p=6393\">Continuer la lecture <span class=\"meta-nav\">&rarr;<\/span><\/a><\/p>\n","protected":false},"author":2,"featured_media":0,"comment_status":"closed","ping_status":"closed","sticky":false,"template":"","format":"standard","meta":{"jetpack_post_was_ever_published":false,"_jetpack_newsletter_access":"","_jetpack_dont_email_post_to_subs":false,"_jetpack_newsletter_tier_id":0,"_jetpack_memberships_contains_paywalled_content":false,"_jetpack_memberships_contains_paid_content":false,"footnotes":"","jetpack_publicize_message":"","jetpack_publicize_feature_enabled":true,"jetpack_social_post_already_shared":true,"jetpack_social_options":{"image_generator_settings":{"template":"highway","default_image_id":0,"font":"","enabled":false},"version":2}},"categories":[4],"tags":[],"class_list":["post-6393","post","type-post","status-publish","format-standard","hentry","category-3-agenda"],"jetpack_publicize_connections":[],"jetpack_featured_media_url":"","jetpack_sharing_enabled":true,"jetpack_shortlink":"https:\/\/wp.me\/p3Xt8S-1F7","_links":{"self":[{"href":"https:\/\/chloedelaume.net\/index.php?rest_route=\/wp\/v2\/posts\/6393","targetHints":{"allow":["GET"]}}],"collection":[{"href":"https:\/\/chloedelaume.net\/index.php?rest_route=\/wp\/v2\/posts"}],"about":[{"href":"https:\/\/chloedelaume.net\/index.php?rest_route=\/wp\/v2\/types\/post"}],"author":[{"embeddable":true,"href":"https:\/\/chloedelaume.net\/index.php?rest_route=\/wp\/v2\/users\/2"}],"replies":[{"embeddable":true,"href":"https:\/\/chloedelaume.net\/index.php?rest_route=%2Fwp%2Fv2%2Fcomments&post=6393"}],"version-history":[{"count":1,"href":"https:\/\/chloedelaume.net\/index.php?rest_route=\/wp\/v2\/posts\/6393\/revisions"}],"predecessor-version":[{"id":6396,"href":"https:\/\/chloedelaume.net\/index.php?rest_route=\/wp\/v2\/posts\/6393\/revisions\/6396"}],"wp:attachment":[{"href":"https:\/\/chloedelaume.net\/index.php?rest_route=%2Fwp%2Fv2%2Fmedia&parent=6393"}],"wp:term":[{"taxonomy":"category","embeddable":true,"href":"https:\/\/chloedelaume.net\/index.php?rest_route=%2Fwp%2Fv2%2Fcategories&post=6393"},{"taxonomy":"post_tag","embeddable":true,"href":"https:\/\/chloedelaume.net\/index.php?rest_route=%2Fwp%2Fv2%2Ftags&post=6393"}],"curies":[{"name":"wp","href":"https:\/\/api.w.org\/{rel}","templated":true}]}}