{"id":6050,"date":"2022-04-12T19:09:15","date_gmt":"2022-04-12T17:09:15","guid":{"rendered":"https:\/\/chloedelaume.net\/?p=6050"},"modified":"2022-04-12T19:09:15","modified_gmt":"2022-04-12T17:09:15","slug":"petite-veillee-chez-mona-17-avril","status":"publish","type":"post","link":"https:\/\/chloedelaume.net\/?p=6050","title":{"rendered":"Petite veill\u00e9e chez Mona : 17 avril"},"content":{"rendered":"<p><img loading=\"lazy\" decoding=\"async\" class=\"size-medium wp-image-6052 alignleft\" src=\"https:\/\/chloedelaume.net\/wp-content\/uploads\/2022\/04\/20220320-petiteveillee67-ab-300x200.jpg\" alt=\"\" width=\"300\" height=\"200\" srcset=\"https:\/\/chloedelaume.net\/wp-content\/uploads\/2022\/04\/20220320-petiteveillee67-ab-300x200.jpg 300w, https:\/\/chloedelaume.net\/wp-content\/uploads\/2022\/04\/20220320-petiteveillee67-ab-1024x683.jpg 1024w, https:\/\/chloedelaume.net\/wp-content\/uploads\/2022\/04\/20220320-petiteveillee67-ab-768x512.jpg 768w, https:\/\/chloedelaume.net\/wp-content\/uploads\/2022\/04\/20220320-petiteveillee67-ab-1536x1024.jpg 1536w, https:\/\/chloedelaume.net\/wp-content\/uploads\/2022\/04\/20220320-petiteveillee67-ab-2048x1365.jpg 2048w, https:\/\/chloedelaume.net\/wp-content\/uploads\/2022\/04\/20220320-petiteveillee67-ab-450x300.jpg 450w\" sizes=\"auto, (max-width: 300px) 100vw, 300px\" \/>La prochaine Petite veill\u00e9e chez Mona, c&rsquo;est ce dimanche \u00e0 18h30 pile, 9 rue de Vaugirard.<\/p>\n<p>On entendra Flora Souchier, Anne-Sophie Camarel, Lara Bouvet, Sara Mychkine, S\u00e9verine Daucourt. <a class=\"oajrlxb2 g5ia77u1 qu0x051f esr5mh6w e9989ue4 r7d6kgcz rq0escxv nhd2j8a9 nc684nl6 p7hjln8o kvgmc6g5 cxmmr5t8 oygrvhab hcukyx3x jb3vyjys rz4wbd8a qt6c0cv9 a8nywdso i1ao9s8h esuyzwwr f1sip0of lzcic4wl gpro0wi8 q66pz984 b1v8xokw\" tabindex=\"0\" role=\"link\" href=\"https:\/\/www.facebook.com\/mademoisellega?__cft__[0]=AZWlrSiWUs9zmIGl72EDSYfGzqpHqbAJM2zOI57q-idwt9BMY-8WO2bOCDRN5SCYBx9m5EwU7nD3flHXjBNMK9QfAGv8oKm7gOQ7gO-JrbcoOLVw9-kBXhOCF6SMftmTICU&amp;__tn__=-]K-R\"><span class=\"nc684nl6\">Garance Dor<\/span><\/a> pr\u00e9sentera la revue V\u00e9hicule.<\/p>\n<p>Quant \u00e0 moi, faut que je trouve d&rsquo;ici-l\u00e0 les po\u00e8mes d&rsquo;ouverture et de fermeture, mais j&rsquo;ai pr\u00e9vu de lire un chapitre de mon livre en cours.<\/p>\n","protected":false},"excerpt":{"rendered":"<p>La prochaine Petite veill\u00e9e chez Mona, c&rsquo;est ce dimanche \u00e0 18h30 pile, 9 rue de Vaugirard. On entendra Flora Souchier, Anne-Sophie Camarel, Lara Bouvet, Sara Mychkine, S\u00e9verine Daucourt. Garance Dor pr\u00e9sentera la revue V\u00e9hicule. Quant \u00e0 moi, faut que je &hellip; <a href=\"https:\/\/chloedelaume.net\/?p=6050\">Continuer la lecture <span class=\"meta-nav\">&rarr;<\/span><\/a><\/p>\n","protected":false},"author":2,"featured_media":0,"comment_status":"closed","ping_status":"closed","sticky":false,"template":"","format":"standard","meta":{"jetpack_post_was_ever_published":false,"_jetpack_newsletter_access":"","_jetpack_dont_email_post_to_subs":false,"_jetpack_newsletter_tier_id":0,"_jetpack_memberships_contains_paywalled_content":false,"_jetpack_memberships_contains_paid_content":false,"footnotes":"","jetpack_publicize_message":"","jetpack_publicize_feature_enabled":true,"jetpack_social_post_already_shared":true,"jetpack_social_options":{"image_generator_settings":{"template":"highway","default_image_id":0,"font":"","enabled":false},"version":2}},"categories":[4],"tags":[],"class_list":["post-6050","post","type-post","status-publish","format-standard","hentry","category-3-agenda"],"jetpack_publicize_connections":[],"jetpack_featured_media_url":"","jetpack_sharing_enabled":true,"jetpack_shortlink":"https:\/\/wp.me\/p3Xt8S-1zA","_links":{"self":[{"href":"https:\/\/chloedelaume.net\/index.php?rest_route=\/wp\/v2\/posts\/6050","targetHints":{"allow":["GET"]}}],"collection":[{"href":"https:\/\/chloedelaume.net\/index.php?rest_route=\/wp\/v2\/posts"}],"about":[{"href":"https:\/\/chloedelaume.net\/index.php?rest_route=\/wp\/v2\/types\/post"}],"author":[{"embeddable":true,"href":"https:\/\/chloedelaume.net\/index.php?rest_route=\/wp\/v2\/users\/2"}],"replies":[{"embeddable":true,"href":"https:\/\/chloedelaume.net\/index.php?rest_route=%2Fwp%2Fv2%2Fcomments&post=6050"}],"version-history":[{"count":1,"href":"https:\/\/chloedelaume.net\/index.php?rest_route=\/wp\/v2\/posts\/6050\/revisions"}],"predecessor-version":[{"id":6053,"href":"https:\/\/chloedelaume.net\/index.php?rest_route=\/wp\/v2\/posts\/6050\/revisions\/6053"}],"wp:attachment":[{"href":"https:\/\/chloedelaume.net\/index.php?rest_route=%2Fwp%2Fv2%2Fmedia&parent=6050"}],"wp:term":[{"taxonomy":"category","embeddable":true,"href":"https:\/\/chloedelaume.net\/index.php?rest_route=%2Fwp%2Fv2%2Fcategories&post=6050"},{"taxonomy":"post_tag","embeddable":true,"href":"https:\/\/chloedelaume.net\/index.php?rest_route=%2Fwp%2Fv2%2Ftags&post=6050"}],"curies":[{"name":"wp","href":"https:\/\/api.w.org\/{rel}","templated":true}]}}