{"id":5083,"date":"2017-01-03T22:46:51","date_gmt":"2017-01-03T21:46:51","guid":{"rendered":"http:\/\/www.chloedelaume.net\/?p=5083"},"modified":"2017-01-26T16:35:12","modified_gmt":"2017-01-26T15:35:12","slug":"dispositif-mode-demploi","status":"publish","type":"post","link":"https:\/\/chloedelaume.net\/?p=5083","title":{"rendered":"02 &#8211; Dispositif &#038; Mode d&#8217;emploi"},"content":{"rendered":"<p style=\"text-align: justify;\"><strong><a href=\"http:\/\/www.chloedelaume.net\/wp-content\/uploads\/2017\/01\/PRISON-GATES.jpg\"><img loading=\"lazy\" decoding=\"async\" class=\"alignleft wp-image-5091 size-medium\" src=\"http:\/\/www.chloedelaume.net\/wp-content\/uploads\/2017\/01\/PRISON-GATES-300x169.jpg\" width=\"300\" height=\"169\" srcset=\"https:\/\/chloedelaume.net\/wp-content\/uploads\/2017\/01\/PRISON-GATES-300x169.jpg 300w, https:\/\/chloedelaume.net\/wp-content\/uploads\/2017\/01\/PRISON-GATES-500x281.jpg 500w, https:\/\/chloedelaume.net\/wp-content\/uploads\/2017\/01\/PRISON-GATES.jpg 640w\" sizes=\"auto, (max-width: 300px) 100vw, 300px\" \/><\/a>Situation initiale\u00a0&#8211;<\/strong>\u00a0Chlo\u00e9 Delaume \u00e9crit cette ann\u00e9e une utopie th\u00e9\u00e2trale, qui suit la fondation et l&rsquo;\u00e9volution d&rsquo;une VIe R\u00e9publique Fran\u00e7aise dont la devise serait d\u00e9sormais \u00ab\u00a0Libert\u00e9 -Parit\u00e9-Sororit\u00e9\u00a0\u00bb. L&rsquo;action se d\u00e9roule dans les gradins de la nouvelle Assembl\u00e9e Nationale install\u00e9e au Palais de la Femme. Pour personnages centraux des \u00e9lues, ainsi qu&rsquo;une journaliste qui suit en direct les d\u00e9bats. L&rsquo;impact des d\u00e9cisions prises passe par un \u00e9cran, comme une fen\u00eatre sur l&rsquo;ext\u00e9rieur. Mais l&rsquo;ext\u00e9rieur per\u00e7u, capt\u00e9 et retransmis par les m\u00e9dias, les r\u00e9seaux sociaux, nationaux et internationaux. L&rsquo;impact d&rsquo;une r\u00e9volution f\u00e9ministe \u00e0 l&rsquo;heure des GIF anim\u00e9s et de la contamination active #ungestepourlabelette.<\/p>\n<p style=\"text-align: justify;\"><strong><a href=\"http:\/\/www.chloedelaume.net\/wp-content\/uploads\/2017\/01\/1373_article.jpg\"><img loading=\"lazy\" decoding=\"async\" class=\"size-thumbnail wp-image-5093 alignleft\" src=\"http:\/\/www.chloedelaume.net\/wp-content\/uploads\/2017\/01\/1373_article-150x150.jpg\" alt=\"\" width=\"150\" height=\"150\" \/><\/a>Le mercredi, c&rsquo;est librairie &#8211;\u00a0<\/strong>Durant dix mois, gr\u00e2ce au dispositif des <a href=\"http:\/\/remue.net\/spip.php?rubrique335\">R\u00e9sidences d&rsquo;\u00e9crivains de la R\u00e9gion \u00cele de France<\/a>, Chlo\u00e9 Delaume va ouvrir au public son chantier de travail \u00e0 la librairie <a href=\"http:\/\/www.violetteandco.com\/librairie\/\">Violette and Co<\/a>, et proposer \u00e0 qui veut d&rsquo;y participer. Partager ses lectures, explorer les formes des utopies f\u00e9ministes dans l&rsquo;histoire litt\u00e9raire. Un mercredi, chaque mois, \u00e9changer des donn\u00e9es, des \u00e9crits, des paroles, r\u00e9fl\u00e9chir ensemble sur des mots, des \u0153uvres, des gestes. Violette and Co est situ\u00e9e dans le 11e arrondissement de Paris, au 102 rue de Charonne. C&rsquo;est une librairie militante, le fond a la couleur de son nom. D&rsquo;ailleurs pourquoi le violet est la couleur du f\u00e9minisme? Connaissez-vous l&rsquo;histoire de nos a\u00een\u00e9es suffragettes, que dit le dictionnaire du mot \u00ab\u00a0Sororit\u00e9\u00a0\u00bb, comment entendez-vous le terme \u00ab\u00a0Matrimoine\u00a0\u00bb?\u00a0<img loading=\"lazy\" decoding=\"async\" class=\"size-medium wp-image-5096 alignleft\" src=\"http:\/\/www.chloedelaume.net\/wp-content\/uploads\/2017\/01\/liv-3077-7-femmes-1-171x300.jpg\" alt=\"\" width=\"171\" height=\"300\" srcset=\"https:\/\/chloedelaume.net\/wp-content\/uploads\/2017\/01\/liv-3077-7-femmes-1-171x300.jpg 171w, https:\/\/chloedelaume.net\/wp-content\/uploads\/2017\/01\/liv-3077-7-femmes-1.jpg 400w\" sizes=\"auto, (max-width: 171px) 100vw, 171px\" \/><\/p>\n<p style=\"text-align: justify;\">Plut\u00f4t que de n&rsquo;en parler que chez soi avec les copines, autant ouvrir le d\u00e9bat \u00e0 qui veut et surtout se pose les m\u00eames questions. \u00a0Isabelle Cambourakis, Nina Yargekov, Lydie Salvayre et Nathalie Kupermann : autant les faire venir dans le cadre la r\u00e9sidence et que tout le monde en profite.<\/p>\n<p style=\"text-align: justify;\"><strong>La carte peut \u00eatre le territoire &#8211;<\/strong> Le Palais de la Femme est un lieu qui existe. Situ\u00e9 au 94 rue de Charonne, \u00e0 l&rsquo;angle de la rue Faidherbe. Le b\u00e2timent date de 1910, il est class\u00e9 aux monuments historiques. Depuis 1926, c&rsquo;est un lieu d&rsquo;accueil destin\u00e9 aux femmes isol\u00e9es et pr\u00e9caires, g\u00e9r\u00e9 par l&rsquo;Arm\u00e9e du Salut. Actuellement 650 chambres sont occup\u00e9es.<\/p>\n<p style=\"text-align: justify;\"><a href=\"http:\/\/www.chloedelaume.net\/wp-content\/uploads\/2017\/01\/P1000850_Paris_XI_Rue_Faidherbe_Rue_de_Charonne_Maison_de_la_femme_reductwk.jpg\"><img loading=\"lazy\" decoding=\"async\" class=\"size-full wp-image-5097 alignleft\" src=\"http:\/\/www.chloedelaume.net\/wp-content\/uploads\/2017\/01\/P1000850_Paris_XI_Rue_Faidherbe_Rue_de_Charonne_Maison_de_la_femme_reductwk.jpg\" alt=\"\" width=\"260\" height=\"198\" \/><\/a>Ce n&rsquo;est pas un lieu de passage. Les r\u00e9sidentes peuvent y s\u00e9journer le temps de se reconstruire, de se poser, de reprendre et d&rsquo;apprendre, de peu \u00e0 peu se r\u00e9ins\u00e9rer sur des bases solidifi\u00e9es, elles sont accompagn\u00e9es et aid\u00e9es en ce sens. L&rsquo;\u00e9quipe d&rsquo;animation du Palais de la Femme y multiplie les activit\u00e9s dans les fameuses salles communes class\u00e9es, ateliers d&rsquo;\u00e9criture dans la biblioth\u00e8que y compris.<\/p>\n<p style=\"text-align: justify;\"><strong>Et soudain, la passerelle &#8211;<\/strong>\u00a0En parall\u00e8le des lectures et discussions chez Violette and Co, un atelier d&rsquo;\u00e9criture mensuel, ouvert \u00e0 qui le souhaite, se tiendra dans la biblioth\u00e8que du Palais de femme. Il est anim\u00e9 par Chlo\u00e9 Delaume et Catherine B\u00e9darida.\u00a0Passer la porte et rejoindre les r\u00e9sidentes, \u00e9crire ensemble des pastiches, des hymnes, des propositions de loi, des articles de journaux ou de presse f\u00e9minine, des lettres de marraine \u00e0 filleule. S&rsquo;inventer dans cette VIe R\u00e9publique, \u00e9crire une chanson ou un conte, o\u00f9 d\u00e9sormais l&rsquo;espace public, c&rsquo;est acquis, est repeint en violet.<\/p>\n<p style=\"text-align: justify;\"><strong>L&rsquo;exp\u00e9rience et ses traces &#8211;<\/strong> De son lancement le 18 janvier \u00e0 sa derni\u00e8re soir\u00e9e en novembre, les rencontres et travaux sont suivies par Remue.net. Captations des mercredis \u00e0 la librairies, vid\u00e9os des lectures. Peut-\u00eatre plus si affinit\u00e9s. Il faut envisager ces dix mois et son espace sur Remue un peu comme une revue, un cadre th\u00e9matique aussi dynamique qu&rsquo;\u00e9ph\u00e9m\u00e8re. Montages photos, vid\u00e9os, audio, textes. L&rsquo;occasion de trouver son m\u00e9dium d&rsquo;expression, et de se constituer des souvenirs.<\/p>\n<p style=\"text-align: justify;\">Les textes \u00e9crits en ateliers, o\u00f9 recueillis par mail, seront publi\u00e9s sous forme d&rsquo;un livret \u00e0 la fin de la r\u00e9sidence. La pi\u00e8ce de th\u00e9\u00e2tre une fois achev\u00e9e sera, quant \u00e0 elle, publi\u00e9e au Seuil. Une restitution finale du travail collectif effectu\u00e9 en atelier, et de l&rsquo;avanc\u00e9e de la pi\u00e8ce, aura lieu au Th\u00e9\u00e2tre de la Loge en novembre.<\/p>\n<p style=\"text-align: justify;\">Pour participer il suffit de consulter le calendrier et de s&rsquo;impliquer en fonction.<\/p>\n<p style=\"text-align: justify;\"><strong>\u00a0<\/strong><\/p>\n","protected":false},"excerpt":{"rendered":"<p>Situation initiale\u00a0&#8211;\u00a0Chlo\u00e9 Delaume \u00e9crit cette ann\u00e9e une utopie th\u00e9\u00e2trale, qui suit la fondation et l&rsquo;\u00e9volution d&rsquo;une VIe R\u00e9publique Fran\u00e7aise dont la devise serait d\u00e9sormais \u00ab\u00a0Libert\u00e9 -Parit\u00e9-Sororit\u00e9\u00a0\u00bb. L&rsquo;action se d\u00e9roule dans les gradins de la nouvelle Assembl\u00e9e Nationale install\u00e9e au Palais &hellip; <a href=\"https:\/\/chloedelaume.net\/?p=5083\">Continuer la lecture <span class=\"meta-nav\">&rarr;<\/span><\/a><\/p>\n","protected":false},"author":2,"featured_media":0,"comment_status":"closed","ping_status":"closed","sticky":false,"template":"","format":"standard","meta":{"jetpack_post_was_ever_published":false,"_jetpack_newsletter_access":"","_jetpack_dont_email_post_to_subs":true,"_jetpack_newsletter_tier_id":0,"_jetpack_memberships_contains_paywalled_content":false,"_jetpack_memberships_contains_paid_content":false,"footnotes":"","jetpack_publicize_message":"","jetpack_publicize_feature_enabled":true,"jetpack_social_post_already_shared":true,"jetpack_social_options":{"image_generator_settings":{"template":"highway","default_image_id":0,"font":"","enabled":false},"version":2}},"categories":[24],"tags":[],"class_list":["post-5083","post","type-post","status-publish","format-standard","hentry","category-residence"],"jetpack_publicize_connections":[],"jetpack_featured_media_url":"","jetpack_sharing_enabled":true,"jetpack_shortlink":"https:\/\/wp.me\/p3Xt8S-1jZ","_links":{"self":[{"href":"https:\/\/chloedelaume.net\/index.php?rest_route=\/wp\/v2\/posts\/5083","targetHints":{"allow":["GET"]}}],"collection":[{"href":"https:\/\/chloedelaume.net\/index.php?rest_route=\/wp\/v2\/posts"}],"about":[{"href":"https:\/\/chloedelaume.net\/index.php?rest_route=\/wp\/v2\/types\/post"}],"author":[{"embeddable":true,"href":"https:\/\/chloedelaume.net\/index.php?rest_route=\/wp\/v2\/users\/2"}],"replies":[{"embeddable":true,"href":"https:\/\/chloedelaume.net\/index.php?rest_route=%2Fwp%2Fv2%2Fcomments&post=5083"}],"version-history":[{"count":10,"href":"https:\/\/chloedelaume.net\/index.php?rest_route=\/wp\/v2\/posts\/5083\/revisions"}],"predecessor-version":[{"id":5136,"href":"https:\/\/chloedelaume.net\/index.php?rest_route=\/wp\/v2\/posts\/5083\/revisions\/5136"}],"wp:attachment":[{"href":"https:\/\/chloedelaume.net\/index.php?rest_route=%2Fwp%2Fv2%2Fmedia&parent=5083"}],"wp:term":[{"taxonomy":"category","embeddable":true,"href":"https:\/\/chloedelaume.net\/index.php?rest_route=%2Fwp%2Fv2%2Fcategories&post=5083"},{"taxonomy":"post_tag","embeddable":true,"href":"https:\/\/chloedelaume.net\/index.php?rest_route=%2Fwp%2Fv2%2Ftags&post=5083"}],"curies":[{"name":"wp","href":"https:\/\/api.w.org\/{rel}","templated":true}]}}