{"id":4663,"date":"2016-01-10T09:07:31","date_gmt":"2016-01-10T08:07:31","guid":{"rendered":"http:\/\/www.chloedelaume.net\/?p=4663"},"modified":"2016-01-10T09:07:31","modified_gmt":"2016-01-10T08:07:31","slug":"fevrier-brest-radio-jury","status":"publish","type":"post","link":"https:\/\/chloedelaume.net\/?p=4663","title":{"rendered":"F\u00e9vrier, Brest &#8211; Radio, jury"},"content":{"rendered":"<p style=\"text-align: justify;\"><a href=\"http:\/\/www.chloedelaume.net\/wp-content\/uploads\/2016\/01\/cartouche2016.png\" rel=\"attachment wp-att-4664\"><img loading=\"lazy\" decoding=\"async\" class=\"wp-image-4664 size-medium alignleft\" src=\"http:\/\/www.chloedelaume.net\/wp-content\/uploads\/2016\/01\/cartouche2016-300x263.png\" alt=\"cartouche2016\" width=\"300\" height=\"263\" srcset=\"https:\/\/chloedelaume.net\/wp-content\/uploads\/2016\/01\/cartouche2016-300x263.png 300w, https:\/\/chloedelaume.net\/wp-content\/uploads\/2016\/01\/cartouche2016-768x672.png 768w, https:\/\/chloedelaume.net\/wp-content\/uploads\/2016\/01\/cartouche2016-343x300.png 343w, https:\/\/chloedelaume.net\/wp-content\/uploads\/2016\/01\/cartouche2016.png 800w\" sizes=\"auto, (max-width: 300px) 100vw, 300px\" \/><\/a><a href=\"http:\/\/longueur-ondes.fr\/article158.html\" target=\"_blank\">Longueur d&rsquo;ondes<\/a>\u00a0est un\u00a0festival enti\u00e8rement d\u00e9di\u00e9 aux \u00e9critures radiophoniques.<\/p>\n<p style=\"text-align: justify;\">Cette ann\u00e9e, Chlo\u00e9 Delaume y participe en allant parler litt\u00e9rature &amp; radio dans un lyc\u00e9e le vendredi 5 f\u00e9vrier. Le samedi, \u00e0 15h,\u00a0Table ronde avec <a href=\"http:\/\/sonosphere.org\/fr\/collection_fr\/tags\/single_fr\/items\/262.html\" target=\"_blank\">Richard Kalisz<\/a> et <a href=\"http:\/\/www.claudiopazienza.com\/\" target=\"_blank\">Claudio Pazienza<\/a> sur \u00ab\u00a0L&rsquo;esth\u00e9tique de l&rsquo;\u00eatre aim\u00e9\u00a0\u00bb. Ensuite, ce sera l&rsquo;heure de se concerter avec les autres membres du jury du prix Petites Ondes. 22 documentaires sonores re\u00e7us, des formes narratives diff\u00e9rentes, des filiations directes et autant de pas de c\u00f4t\u00e9. Des premi\u00e8res tentatives, pourtant beaucoup de ma\u00eetrise. #apr\u00e8sviendrontdesnoms #devoirder\u00e9serve<\/p>\n<p style=\"text-align: justify;\">\n","protected":false},"excerpt":{"rendered":"<p>Longueur d&rsquo;ondes\u00a0est un\u00a0festival enti\u00e8rement d\u00e9di\u00e9 aux \u00e9critures radiophoniques. Cette ann\u00e9e, Chlo\u00e9 Delaume y participe en allant parler litt\u00e9rature &amp; radio dans un lyc\u00e9e le vendredi 5 f\u00e9vrier. Le samedi, \u00e0 15h,\u00a0Table ronde avec Richard Kalisz et Claudio Pazienza sur \u00ab\u00a0L&rsquo;esth\u00e9tique &hellip; <a href=\"https:\/\/chloedelaume.net\/?p=4663\">Continuer la lecture <span class=\"meta-nav\">&rarr;<\/span><\/a><\/p>\n","protected":false},"author":2,"featured_media":0,"comment_status":"closed","ping_status":"closed","sticky":false,"template":"","format":"standard","meta":{"jetpack_post_was_ever_published":false,"_jetpack_newsletter_access":"","_jetpack_dont_email_post_to_subs":false,"_jetpack_newsletter_tier_id":0,"_jetpack_memberships_contains_paywalled_content":false,"_jetpack_memberships_contains_paid_content":false,"footnotes":"","jetpack_publicize_message":"","jetpack_publicize_feature_enabled":true,"jetpack_social_post_already_shared":true,"jetpack_social_options":{"image_generator_settings":{"template":"highway","default_image_id":0,"font":"","enabled":false},"version":2}},"categories":[4],"tags":[],"class_list":["post-4663","post","type-post","status-publish","format-standard","hentry","category-3-agenda"],"jetpack_publicize_connections":[],"jetpack_featured_media_url":"","jetpack_sharing_enabled":true,"jetpack_shortlink":"https:\/\/wp.me\/p3Xt8S-1dd","_links":{"self":[{"href":"https:\/\/chloedelaume.net\/index.php?rest_route=\/wp\/v2\/posts\/4663","targetHints":{"allow":["GET"]}}],"collection":[{"href":"https:\/\/chloedelaume.net\/index.php?rest_route=\/wp\/v2\/posts"}],"about":[{"href":"https:\/\/chloedelaume.net\/index.php?rest_route=\/wp\/v2\/types\/post"}],"author":[{"embeddable":true,"href":"https:\/\/chloedelaume.net\/index.php?rest_route=\/wp\/v2\/users\/2"}],"replies":[{"embeddable":true,"href":"https:\/\/chloedelaume.net\/index.php?rest_route=%2Fwp%2Fv2%2Fcomments&post=4663"}],"version-history":[{"count":1,"href":"https:\/\/chloedelaume.net\/index.php?rest_route=\/wp\/v2\/posts\/4663\/revisions"}],"predecessor-version":[{"id":4665,"href":"https:\/\/chloedelaume.net\/index.php?rest_route=\/wp\/v2\/posts\/4663\/revisions\/4665"}],"wp:attachment":[{"href":"https:\/\/chloedelaume.net\/index.php?rest_route=%2Fwp%2Fv2%2Fmedia&parent=4663"}],"wp:term":[{"taxonomy":"category","embeddable":true,"href":"https:\/\/chloedelaume.net\/index.php?rest_route=%2Fwp%2Fv2%2Fcategories&post=4663"},{"taxonomy":"post_tag","embeddable":true,"href":"https:\/\/chloedelaume.net\/index.php?rest_route=%2Fwp%2Fv2%2Ftags&post=4663"}],"curies":[{"name":"wp","href":"https:\/\/api.w.org\/{rel}","templated":true}]}}