{"id":2661,"date":"2014-06-05T01:54:15","date_gmt":"2014-06-04T23:54:15","guid":{"rendered":"http:\/\/www.chloedelaume.net\/?p=2661"},"modified":"2014-06-05T01:54:16","modified_gmt":"2014-06-04T23:54:16","slug":"7-juin-la-contribution-a-la-cinematheque","status":"publish","type":"post","link":"https:\/\/chloedelaume.net\/?p=2661","title":{"rendered":"7 juin : La Contribution \u00e0 la Cin\u00e9math\u00e8que"},"content":{"rendered":"<p style=\"text-align: justify;\"><img loading=\"lazy\" decoding=\"async\" class=\"alignleft size-full wp-image-2663\" title=\"marianne\" src=\"http:\/\/www.chloedelaume.net\/wp-content\/uploads\/2014\/06\/marianne1.jpg\" alt=\"\" width=\"340\" height=\"227\" srcset=\"https:\/\/chloedelaume.net\/wp-content\/uploads\/2014\/06\/marianne1.jpg 340w, https:\/\/chloedelaume.net\/wp-content\/uploads\/2014\/06\/marianne1-300x200.jpg 300w\" sizes=\"auto, (max-width: 340px) 100vw, 340px\" \/>Reprise de la 53\u00e8me Semaine de la Critique \u00e0 la Cin\u00e9math\u00e8que de Paris.\u00a0<a href=\"http:\/\/www.cinematheque.fr\/fr\/dans-salles\/hommages-retrospectives\/fiche-manifestation\/53eme-semaine-critique-collection-canal-2014,16969.html\" target=\"_blank\">La Collection Canal + 2014 est pr\u00e9sent\u00e9e<\/a> salle Georges Franju, en pr\u00e9sence des r\u00e9alisateurs.<\/p>\n<p style=\"text-align: justify;\">\u00ab\u00a0La trentaine vue par les \u00e9crivains\u00a0\u00bb, soit 5 courts m\u00e9trages :<em>\u00a0Les Anti-trente<strong>\u00a0<\/strong><\/em>D&rsquo;Oxmo Puccino, <em>La Contribution<\/em> de Chlo\u00e9 Delaume, <em>Par acquis de conscience<\/em> de Maxime Chattam, <em>Le plus petit appartement de Paris<\/em> d&rsquo;H\u00e9l\u00e9na Villovitch et <em>Rosa Mystica<\/em> de Simon Liberati et Eva Ionesco.<\/p>\n<p style=\"text-align: justify;\">Samedi 7 juin \u00e0 21h45, La Cin\u00e9math\u00e8que fran\u00e7aise,\u00a051 Rue de Bercy, 75012 Paris.<\/p>\n","protected":false},"excerpt":{"rendered":"<p>Reprise de la 53\u00e8me Semaine de la Critique \u00e0 la Cin\u00e9math\u00e8que de Paris.\u00a0La Collection Canal + 2014 est pr\u00e9sent\u00e9e salle Georges Franju, en pr\u00e9sence des r\u00e9alisateurs. \u00ab\u00a0La trentaine vue par les \u00e9crivains\u00a0\u00bb, soit 5 courts m\u00e9trages :\u00a0Les Anti-trente\u00a0D&rsquo;Oxmo Puccino, La &hellip; <a href=\"https:\/\/chloedelaume.net\/?p=2661\">Continuer la lecture <span class=\"meta-nav\">&rarr;<\/span><\/a><\/p>\n","protected":false},"author":2,"featured_media":0,"comment_status":"closed","ping_status":"closed","sticky":false,"template":"","format":"standard","meta":{"jetpack_post_was_ever_published":false,"_jetpack_newsletter_access":"","_jetpack_dont_email_post_to_subs":false,"_jetpack_newsletter_tier_id":0,"_jetpack_memberships_contains_paywalled_content":false,"_jetpack_memberships_contains_paid_content":false,"footnotes":"","jetpack_publicize_message":"","jetpack_publicize_feature_enabled":true,"jetpack_social_post_already_shared":false,"jetpack_social_options":{"image_generator_settings":{"template":"highway","default_image_id":0,"font":"","enabled":false},"version":2}},"categories":[4],"tags":[],"class_list":["post-2661","post","type-post","status-publish","format-standard","hentry","category-3-agenda"],"jetpack_publicize_connections":[],"jetpack_featured_media_url":"","jetpack_sharing_enabled":true,"jetpack_shortlink":"https:\/\/wp.me\/p3Xt8S-GV","_links":{"self":[{"href":"https:\/\/chloedelaume.net\/index.php?rest_route=\/wp\/v2\/posts\/2661","targetHints":{"allow":["GET"]}}],"collection":[{"href":"https:\/\/chloedelaume.net\/index.php?rest_route=\/wp\/v2\/posts"}],"about":[{"href":"https:\/\/chloedelaume.net\/index.php?rest_route=\/wp\/v2\/types\/post"}],"author":[{"embeddable":true,"href":"https:\/\/chloedelaume.net\/index.php?rest_route=\/wp\/v2\/users\/2"}],"replies":[{"embeddable":true,"href":"https:\/\/chloedelaume.net\/index.php?rest_route=%2Fwp%2Fv2%2Fcomments&post=2661"}],"version-history":[{"count":2,"href":"https:\/\/chloedelaume.net\/index.php?rest_route=\/wp\/v2\/posts\/2661\/revisions"}],"predecessor-version":[{"id":2665,"href":"https:\/\/chloedelaume.net\/index.php?rest_route=\/wp\/v2\/posts\/2661\/revisions\/2665"}],"wp:attachment":[{"href":"https:\/\/chloedelaume.net\/index.php?rest_route=%2Fwp%2Fv2%2Fmedia&parent=2661"}],"wp:term":[{"taxonomy":"category","embeddable":true,"href":"https:\/\/chloedelaume.net\/index.php?rest_route=%2Fwp%2Fv2%2Fcategories&post=2661"},{"taxonomy":"post_tag","embeddable":true,"href":"https:\/\/chloedelaume.net\/index.php?rest_route=%2Fwp%2Fv2%2Ftags&post=2661"}],"curies":[{"name":"wp","href":"https:\/\/api.w.org\/{rel}","templated":true}]}}